{"id":9800,"date":"2023-06-22T21:21:06","date_gmt":"2023-06-23T03:21:06","guid":{"rendered":"https:\/\/ibericametropole.com\/?p=9800"},"modified":"2024-08-20T16:11:08","modified_gmt":"2024-08-20T22:11:08","slug":"magazine-cover-alcaldes-de-mexico","status":"publish","type":"post","link":"https:\/\/ibericametropole.com\/en\/2023\/06\/22\/magazine-cover-alcaldes-de-mexico\/","title":{"rendered":"Magazine cover: Alcaldes de M\u00e9xico"},"content":{"rendered":"<div data-elementor-type=\"wp-post\" data-elementor-id=\"9800\" class=\"elementor elementor-9800\">\n\t\t\t\t\t\t<section class=\"elementor-section elementor-top-section elementor-element elementor-element-ce570ad elementor-section-boxed elementor-section-height-default elementor-section-height-default\" data-id=\"ce570ad\" data-element_type=\"section\" data-e-type=\"section\">\n\t\t\t\t\t\t<div class=\"elementor-container elementor-column-gap-default\">\n\t\t\t\t\t<div class=\"elementor-column elementor-col-100 elementor-top-column elementor-element elementor-element-9fe3837\" data-id=\"9fe3837\" data-element_type=\"column\" data-e-type=\"column\">\n\t\t\t<div class=\"elementor-widget-wrap\">\n\t\t\t\t\t\t\t<\/div>\n\t\t<\/div>\n\t\t\t\t\t<\/div>\n\t\t<\/section>\n\t\t\t\t<section class=\"elementor-section elementor-top-section elementor-element elementor-element-e98b229 elementor-section-boxed elementor-section-height-default elementor-section-height-default\" data-id=\"e98b229\" data-element_type=\"section\" data-e-type=\"section\" data-settings=\"{&quot;background_background&quot;:&quot;classic&quot;}\">\n\t\t\t\t\t\t\t<div class=\"elementor-background-overlay\"><\/div>\n\t\t\t\t\t\t\t<div class=\"elementor-container elementor-column-gap-no\">\n\t\t\t\t\t<div class=\"elementor-column elementor-col-100 elementor-top-column elementor-element elementor-element-6a78b90\" data-id=\"6a78b90\" data-element_type=\"column\" data-e-type=\"column\">\n\t\t\t<div class=\"elementor-widget-wrap elementor-element-populated\">\n\t\t\t\t\t\t<section class=\"elementor-section elementor-inner-section elementor-element elementor-element-1d3bdf4 elementor-section-boxed elementor-section-height-default elementor-section-height-default\" data-id=\"1d3bdf4\" data-element_type=\"section\" data-e-type=\"section\">\n\t\t\t\t\t\t<div class=\"elementor-container elementor-column-gap-no\">\n\t\t\t\t\t<div class=\"elementor-column elementor-col-50 elementor-inner-column elementor-element elementor-element-5e3fc32 elementor-invisible\" data-id=\"5e3fc32\" data-element_type=\"column\" data-e-type=\"column\" data-settings=\"{&quot;animation&quot;:&quot;ova-move-up&quot;,&quot;animation_tablet&quot;:&quot;none&quot;,&quot;animation_delay&quot;:100}\">\n\t\t\t<div class=\"elementor-widget-wrap elementor-element-populated\">\n\t\t\t\t\t\t<div class=\"elementor-element elementor-element-8112725 elementor-widget elementor-widget-text-editor\" data-id=\"8112725\" data-element_type=\"widget\" data-e-type=\"widget\" data-widget_type=\"text-editor.default\">\n\t\t\t\t<div class=\"elementor-widget-container\">\n\t\t\t\t\t\t\t\t\t<blockquote><p>El cambio no vendr\u00e1 de la tecnolog\u00eda;<br \/>primero hay que impactar en lo<br \/>humano y en la educaci\u00f3n\u2026 estar en la<br \/>triple h\u00e9lice y hacer la transici\u00f3n de la<br \/>relaci\u00f3n p\u00fablico privada a gobierno<br \/>empresa ciudadan\u00eda.<\/p><\/blockquote>\t\t\t\t\t\t\t\t<\/div>\n\t\t\t\t<\/div>\n\t\t\t\t<div class=\"elementor-element elementor-element-4097d2b elementor-widget__width-auto elementor-widget elementor-widget-button\" data-id=\"4097d2b\" data-element_type=\"widget\" data-e-type=\"widget\" data-widget_type=\"button.default\">\n\t\t\t\t<div class=\"elementor-widget-container\">\n\t\t\t\t\t\t\t\t\t<div class=\"elementor-button-wrapper\">\n\t\t\t\t\t<a class=\"elementor-button elementor-button-link elementor-size-sm\" href=\"https:\/\/www.alcaldesdemexico.com\/revista\/\">\n\t\t\t\t\t\t<span class=\"elementor-button-content-wrapper\">\n\t\t\t\t\t\t\t\t\t<span class=\"elementor-button-text\">Access the complete article<\/span>\n\t\t\t\t\t<\/span>\n\t\t\t\t\t<\/a>\n\t\t\t\t<\/div>\n\t\t\t\t\t\t\t\t<\/div>\n\t\t\t\t<\/div>\n\t\t\t\t\t<\/div>\n\t\t<\/div>\n\t\t\t\t<div class=\"elementor-column elementor-col-50 elementor-inner-column elementor-element elementor-element-4f73e52 elementor-invisible\" data-id=\"4f73e52\" data-element_type=\"column\" data-e-type=\"column\" data-settings=\"{&quot;animation&quot;:&quot;ova-move-left&quot;,&quot;animation_tablet&quot;:&quot;none&quot;}\">\n\t\t\t<div class=\"elementor-widget-wrap elementor-element-populated\">\n\t\t\t\t\t\t<div class=\"elementor-element elementor-element-5451159 elementor-widget elementor-widget-image\" data-id=\"5451159\" data-element_type=\"widget\" data-e-type=\"widget\" data-widget_type=\"image.default\">\n\t\t\t\t<div class=\"elementor-widget-container\">\n\t\t\t\t\t\t\t\t\t\t\t\t\t\t\t<img fetchpriority=\"high\" decoding=\"async\" width=\"766\" height=\"1024\" src=\"https:\/\/i0.wp.com\/ibericametropole.com\/wp-content\/uploads\/2023\/06\/2-Alcaldes-de-mexico-01.png?fit=766%2C1024&amp;ssl=1\" class=\"attachment-large size-large wp-image-9805\" alt=\"\" srcset=\"https:\/\/i0.wp.com\/ibericametropole.com\/wp-content\/uploads\/2023\/06\/2-Alcaldes-de-mexico-01.png?w=1223&amp;ssl=1 1223w, https:\/\/i0.wp.com\/ibericametropole.com\/wp-content\/uploads\/2023\/06\/2-Alcaldes-de-mexico-01.png?resize=766%2C1024&amp;ssl=1 766w, https:\/\/i0.wp.com\/ibericametropole.com\/wp-content\/uploads\/2023\/06\/2-Alcaldes-de-mexico-01.png?resize=768%2C1027&amp;ssl=1 768w, https:\/\/i0.wp.com\/ibericametropole.com\/wp-content\/uploads\/2023\/06\/2-Alcaldes-de-mexico-01.png?resize=1149%2C1536&amp;ssl=1 1149w\" sizes=\"(max-width: 766px) 100vw, 766px\" data-attachment-id=\"9805\" data-permalink=\"https:\/\/ibericametropole.com\/en\/2023\/06\/22\/magazine-cover-alcaldes-de-mexico\/2-alcaldes-de-mexico-01\/\" data-orig-file=\"https:\/\/i0.wp.com\/ibericametropole.com\/wp-content\/uploads\/2023\/06\/2-Alcaldes-de-mexico-01.png?fit=1223%2C1635&amp;ssl=1\" data-orig-size=\"1223,1635\" data-comments-opened=\"1\" data-image-meta=\"{&quot;aperture&quot;:&quot;0&quot;,&quot;credit&quot;:&quot;&quot;,&quot;camera&quot;:&quot;&quot;,&quot;caption&quot;:&quot;&quot;,&quot;created_timestamp&quot;:&quot;0&quot;,&quot;copyright&quot;:&quot;&quot;,&quot;focal_length&quot;:&quot;0&quot;,&quot;iso&quot;:&quot;0&quot;,&quot;shutter_speed&quot;:&quot;0&quot;,&quot;title&quot;:&quot;&quot;,&quot;orientation&quot;:&quot;0&quot;}\" data-image-title=\"2 Alcaldes de mexico-01\" data-image-description=\"\" data-image-caption=\"\" data-large-file=\"https:\/\/i0.wp.com\/ibericametropole.com\/wp-content\/uploads\/2023\/06\/2-Alcaldes-de-mexico-01.png?fit=766%2C1024&amp;ssl=1\" \/>\t\t\t\t\t\t\t\t\t\t\t\t\t\t\t<\/div>\n\t\t\t\t<\/div>\n\t\t\t\t<div class=\"elementor-element elementor-element-ba181c7 elementor-absolute elementor-hidden-mobile elementor-widget elementor-widget-image\" data-id=\"ba181c7\" data-element_type=\"widget\" data-e-type=\"widget\" data-settings=\"{&quot;_position&quot;:&quot;absolute&quot;}\" data-widget_type=\"image.default\">\n\t\t\t\t<div class=\"elementor-widget-container\">\n\t\t\t\t\t\t\t\t\t\t\t\t\t\t\t<img decoding=\"async\" width=\"800\" height=\"619\" src=\"https:\/\/i0.wp.com\/ibericametropole.com\/wp-content\/uploads\/2023\/06\/2-Alcaldes-de-mexico-02.png?fit=800%2C619&amp;ssl=1\" class=\"attachment-large size-large wp-image-9806\" alt=\"\" srcset=\"https:\/\/i0.wp.com\/ibericametropole.com\/wp-content\/uploads\/2023\/06\/2-Alcaldes-de-mexico-02.png?w=1564&amp;ssl=1 1564w, https:\/\/i0.wp.com\/ibericametropole.com\/wp-content\/uploads\/2023\/06\/2-Alcaldes-de-mexico-02.png?resize=1024%2C792&amp;ssl=1 1024w, https:\/\/i0.wp.com\/ibericametropole.com\/wp-content\/uploads\/2023\/06\/2-Alcaldes-de-mexico-02.png?resize=768%2C594&amp;ssl=1 768w, https:\/\/i0.wp.com\/ibericametropole.com\/wp-content\/uploads\/2023\/06\/2-Alcaldes-de-mexico-02.png?resize=1536%2C1187&amp;ssl=1 1536w\" sizes=\"(max-width: 800px) 100vw, 800px\" data-attachment-id=\"9806\" data-permalink=\"https:\/\/ibericametropole.com\/en\/2023\/06\/22\/magazine-cover-alcaldes-de-mexico\/2-alcaldes-de-mexico-02\/\" data-orig-file=\"https:\/\/i0.wp.com\/ibericametropole.com\/wp-content\/uploads\/2023\/06\/2-Alcaldes-de-mexico-02.png?fit=1564%2C1209&amp;ssl=1\" data-orig-size=\"1564,1209\" data-comments-opened=\"1\" data-image-meta=\"{&quot;aperture&quot;:&quot;0&quot;,&quot;credit&quot;:&quot;&quot;,&quot;camera&quot;:&quot;&quot;,&quot;caption&quot;:&quot;&quot;,&quot;created_timestamp&quot;:&quot;0&quot;,&quot;copyright&quot;:&quot;&quot;,&quot;focal_length&quot;:&quot;0&quot;,&quot;iso&quot;:&quot;0&quot;,&quot;shutter_speed&quot;:&quot;0&quot;,&quot;title&quot;:&quot;&quot;,&quot;orientation&quot;:&quot;0&quot;}\" data-image-title=\"2 Alcaldes de mexico-02\" data-image-description=\"\" data-image-caption=\"\" data-large-file=\"https:\/\/i0.wp.com\/ibericametropole.com\/wp-content\/uploads\/2023\/06\/2-Alcaldes-de-mexico-02.png?fit=800%2C619&amp;ssl=1\" \/>\t\t\t\t\t\t\t\t\t\t\t\t\t\t\t<\/div>\n\t\t\t\t<\/div>\n\t\t\t\t\t<\/div>\n\t\t<\/div>\n\t\t\t\t\t<\/div>\n\t\t<\/section>\n\t\t\t\t\t<\/div>\n\t\t<\/div>\n\t\t\t\t\t<\/div>\n\t\t<\/section>\n\t\t\t\t<\/div>","protected":false},"excerpt":{"rendered":"<p>El cambio no vendr\u00e1 de la tecnolog\u00eda;primero hay que impactar en lohumano y en la educaci\u00f3n\u2026 estar en latriple h\u00e9lice y hacer la transici\u00f3n de larelaci\u00f3n p\u00fablico privada a gobiernoempresa ciudadan\u00eda. Access the complete article<\/p>","protected":false},"author":206063868,"featured_media":0,"comment_status":"closed","ping_status":"open","sticky":false,"template":"","format":"standard","meta":{"_monsterinsights_skip_tracking":false,"_jetpack_newsletter_access":"","_jetpack_dont_email_post_to_subs":false,"_jetpack_newsletter_tier_id":0,"_jetpack_memberships_contains_paywalled_content":false,"_wpcom_ai_launchpad_first_post":false,"_jetpack_feature_clip_id":0,"_jetpack_memberships_contains_paid_content":false,"footnotes":"","jetpack_post_was_ever_published":false},"categories":[6390],"tags":[6391,6395,6392,6394,6393],"class_list":["post-9800","post","type-post","status-publish","format-standard","hentry","category-influencer","tag-alcaldes","tag-ibericametropole","tag-mexico","tag-paul-vigario","tag-revista"],"aioseo_notices":[],"aioseo_head":"\n\t\t<!-- All in One SEO 5.0.1.1 - aioseo.com -->\n\t<meta name=\"description\" content=\"El cambio no vendr\u00e1 de la tecnolog\u00eda;primero hay que impactar en lohumano y en la educaci\u00f3n\u2026 estar en latriple h\u00e9lice y hacer la transici\u00f3n de larelaci\u00f3n p\u00fablico privada a gobiernoempresa ciudadan\u00eda. Access the complete article\" \/>\n\t<meta name=\"robots\" content=\"max-image-preview:large\" \/>\n\t<meta name=\"author\" content=\"pvigario\"\/>\n\t<link rel=\"canonical\" href=\"https:\/\/ibericametropole.com\/en\/2023\/06\/22\/magazine-cover-alcaldes-de-mexico\/\" \/>\n\t<meta name=\"generator\" content=\"All in One SEO (AIOSEO) 5.0.1.1\" \/>\n\t\t<meta property=\"og:locale\" content=\"en_US\" \/>\n\t\t<meta property=\"og:site_name\" content=\"| Ibericametropole - Your partner for a changing world.\" \/>\n\t\t<meta property=\"og:type\" content=\"article\" \/>\n\t\t<meta property=\"og:title\" content=\"Magazine cover: Alcaldes de M\u00e9xico - | Ibericametropole\" \/>\n\t\t<meta property=\"og:description\" content=\"El cambio no vendr\u00e1 de la tecnolog\u00eda;primero hay que impactar en lohumano y en la educaci\u00f3n\u2026 estar en latriple h\u00e9lice y hacer la transici\u00f3n de larelaci\u00f3n p\u00fablico privada a gobiernoempresa ciudadan\u00eda. Access the complete article\" \/>\n\t\t<meta property=\"og:url\" content=\"https:\/\/ibericametropole.com\/en\/2023\/06\/22\/magazine-cover-alcaldes-de-mexico\/\" \/>\n\t\t<meta property=\"article:published_time\" content=\"2023-06-23T03:21:06+00:00\" \/>\n\t\t<meta property=\"article:modified_time\" content=\"2024-08-20T22:11:08+00:00\" \/>\n\t\t<meta name=\"twitter:card\" content=\"summary_large_image\" \/>\n\t\t<meta name=\"twitter:title\" content=\"Magazine cover: Alcaldes de M\u00e9xico - | Ibericametropole\" \/>\n\t\t<meta name=\"twitter:description\" content=\"El cambio no vendr\u00e1 de la tecnolog\u00eda;primero hay que impactar en lohumano y en la educaci\u00f3n\u2026 estar en latriple h\u00e9lice y hacer la transici\u00f3n de larelaci\u00f3n p\u00fablico privada a gobiernoempresa ciudadan\u00eda. Access the complete article\" \/>\n\t\t<script type=\"application\/ld+json\" class=\"aioseo-schema\">\n\t\t\t{\"@context\":\"https:\\\/\\\/schema.org\",\"@graph\":[{\"@type\":\"BlogPosting\",\"@id\":\"https:\\\/\\\/ibericametropole.com\\\/en\\\/2023\\\/06\\\/22\\\/magazine-cover-alcaldes-de-mexico\\\/#blogposting\",\"name\":\"Magazine cover: Alcaldes de M\\u00e9xico - | Ibericametropole\",\"headline\":\"Magazine cover: Alcaldes de M\\u00e9xico\",\"author\":{\"@id\":\"https:\\\/\\\/ibericametropole.com\\\/en\\\/author\\\/pvigario\\\/#author\"},\"publisher\":{\"@id\":\"https:\\\/\\\/ibericametropole.com\\\/en\\\/#organization\"},\"image\":{\"@type\":\"ImageObject\",\"url\":\"https:\\\/\\\/i0.wp.com\\\/ibericametropole.com\\\/wp-content\\\/uploads\\\/2023\\\/06\\\/2-Alcaldes-de-mexico-01.png?fit=1223%2C1635&ssl=1\",\"@id\":\"https:\\\/\\\/ibericametropole.com\\\/en\\\/2023\\\/06\\\/22\\\/magazine-cover-alcaldes-de-mexico\\\/#articleImage\",\"width\":1223,\"height\":1635},\"datePublished\":\"2023-06-22T21:21:06-06:00\",\"dateModified\":\"2024-08-20T16:11:08-06:00\",\"inLanguage\":\"en-US\",\"mainEntityOfPage\":{\"@id\":\"https:\\\/\\\/ibericametropole.com\\\/en\\\/2023\\\/06\\\/22\\\/magazine-cover-alcaldes-de-mexico\\\/#webpage\"},\"isPartOf\":{\"@id\":\"https:\\\/\\\/ibericametropole.com\\\/en\\\/2023\\\/06\\\/22\\\/magazine-cover-alcaldes-de-mexico\\\/#webpage\"},\"articleSection\":\"Influencer, Alcaldes, Ibericametropole, Mexico, Paul Vigario, Revista\"},{\"@type\":\"BreadcrumbList\",\"@id\":\"https:\\\/\\\/ibericametropole.com\\\/en\\\/2023\\\/06\\\/22\\\/magazine-cover-alcaldes-de-mexico\\\/#breadcrumblist\",\"itemListElement\":[{\"@type\":\"ListItem\",\"@id\":\"https:\\\/\\\/ibericametropole.com\\\/en#listItem\",\"position\":1,\"name\":\"Home\",\"item\":\"https:\\\/\\\/ibericametropole.com\\\/en\",\"nextItem\":{\"@type\":\"ListItem\",\"@id\":\"https:\\\/\\\/ibericametropole.com\\\/en\\\/category\\\/influencer\\\/#listItem\",\"name\":\"Influencer\"}},{\"@type\":\"ListItem\",\"@id\":\"https:\\\/\\\/ibericametropole.com\\\/en\\\/category\\\/influencer\\\/#listItem\",\"position\":2,\"name\":\"Influencer\",\"item\":\"https:\\\/\\\/ibericametropole.com\\\/en\\\/category\\\/influencer\\\/\",\"nextItem\":{\"@type\":\"ListItem\",\"@id\":\"https:\\\/\\\/ibericametropole.com\\\/en\\\/2023\\\/06\\\/22\\\/magazine-cover-alcaldes-de-mexico\\\/#listItem\",\"name\":\"Magazine cover: Alcaldes de M\\u00e9xico\"},\"previousItem\":{\"@type\":\"ListItem\",\"@id\":\"https:\\\/\\\/ibericametropole.com\\\/en#listItem\",\"name\":\"Home\"}},{\"@type\":\"ListItem\",\"@id\":\"https:\\\/\\\/ibericametropole.com\\\/en\\\/2023\\\/06\\\/22\\\/magazine-cover-alcaldes-de-mexico\\\/#listItem\",\"position\":3,\"name\":\"Magazine cover: Alcaldes de M\\u00e9xico\",\"previousItem\":{\"@type\":\"ListItem\",\"@id\":\"https:\\\/\\\/ibericametropole.com\\\/en\\\/category\\\/influencer\\\/#listItem\",\"name\":\"Influencer\"}}]},{\"@type\":\"Organization\",\"@id\":\"https:\\\/\\\/ibericametropole.com\\\/en\\\/#organization\",\"name\":\"Ibericametropole\",\"description\":\"Your partner for a changing world.\",\"url\":\"https:\\\/\\\/ibericametropole.com\\\/en\\\/\"},{\"@type\":\"Person\",\"@id\":\"https:\\\/\\\/ibericametropole.com\\\/en\\\/author\\\/pvigario\\\/#author\",\"url\":\"https:\\\/\\\/ibericametropole.com\\\/en\\\/author\\\/pvigario\\\/\",\"name\":\"pvigario\",\"image\":{\"@type\":\"ImageObject\",\"@id\":\"https:\\\/\\\/ibericametropole.com\\\/en\\\/2023\\\/06\\\/22\\\/magazine-cover-alcaldes-de-mexico\\\/#authorImage\",\"url\":\"https:\\\/\\\/secure.gravatar.com\\\/avatar\\\/004332b3e5f0892d6dfd5a3e6378f992e016f9a1df4c4bde9885b3bd16a53773?s=96&d=identicon&r=g\",\"width\":96,\"height\":96,\"caption\":\"pvigario\"}},{\"@type\":\"WebPage\",\"@id\":\"https:\\\/\\\/ibericametropole.com\\\/en\\\/2023\\\/06\\\/22\\\/magazine-cover-alcaldes-de-mexico\\\/#webpage\",\"url\":\"https:\\\/\\\/ibericametropole.com\\\/en\\\/2023\\\/06\\\/22\\\/magazine-cover-alcaldes-de-mexico\\\/\",\"name\":\"Magazine cover: Alcaldes de M\\u00e9xico - | Ibericametropole\",\"description\":\"El cambio no vendr\\u00e1 de la tecnolog\\u00eda;primero hay que impactar en lohumano y en la educaci\\u00f3n\\u2026 estar en latriple h\\u00e9lice y hacer la transici\\u00f3n de larelaci\\u00f3n p\\u00fablico privada a gobiernoempresa ciudadan\\u00eda. Access the complete article\",\"inLanguage\":\"en-US\",\"isPartOf\":{\"@id\":\"https:\\\/\\\/ibericametropole.com\\\/en\\\/#website\"},\"breadcrumb\":{\"@id\":\"https:\\\/\\\/ibericametropole.com\\\/en\\\/2023\\\/06\\\/22\\\/magazine-cover-alcaldes-de-mexico\\\/#breadcrumblist\"},\"author\":{\"@id\":\"https:\\\/\\\/ibericametropole.com\\\/en\\\/author\\\/pvigario\\\/#author\"},\"creator\":{\"@id\":\"https:\\\/\\\/ibericametropole.com\\\/en\\\/author\\\/pvigario\\\/#author\"},\"datePublished\":\"2023-06-22T21:21:06-06:00\",\"dateModified\":\"2024-08-20T16:11:08-06:00\"},{\"@type\":\"WebSite\",\"@id\":\"https:\\\/\\\/ibericametropole.com\\\/en\\\/#website\",\"url\":\"https:\\\/\\\/ibericametropole.com\\\/en\\\/\",\"name\":\"Ibericametropole\",\"description\":\"Your partner for a changing world.\",\"inLanguage\":\"en-US\",\"publisher\":{\"@id\":\"https:\\\/\\\/ibericametropole.com\\\/en\\\/#organization\"}}]}\n\t\t<\/script>\n\t\t<!-- All in One SEO -->\n\n","aioseo_head_json":{"title":"Magazine cover: Alcaldes de M\u00e9xico - | Ibericametropole","description":"El cambio no vendr\u00e1 de la tecnolog\u00eda;primero hay que impactar en lohumano y en la educaci\u00f3n\u2026 estar en latriple h\u00e9lice y hacer la transici\u00f3n de larelaci\u00f3n p\u00fablico privada a gobiernoempresa ciudadan\u00eda. Access the complete article","canonical_url":"https:\/\/ibericametropole.com\/en\/2023\/06\/22\/magazine-cover-alcaldes-de-mexico\/","robots":"max-image-preview:large","keywords":"","webmasterTools":{"miscellaneous":""},"schema":{"@context":"https:\/\/schema.org","@graph":[{"@type":"BlogPosting","@id":"https:\/\/ibericametropole.com\/en\/2023\/06\/22\/magazine-cover-alcaldes-de-mexico\/#blogposting","name":"Magazine cover: Alcaldes de M\u00e9xico - | Ibericametropole","headline":"Magazine cover: Alcaldes de M\u00e9xico","author":{"@id":"https:\/\/ibericametropole.com\/en\/author\/pvigario\/#author"},"publisher":{"@id":"https:\/\/ibericametropole.com\/en\/#organization"},"image":{"@type":"ImageObject","url":"https:\/\/i0.wp.com\/ibericametropole.com\/wp-content\/uploads\/2023\/06\/2-Alcaldes-de-mexico-01.png?fit=1223%2C1635&ssl=1","@id":"https:\/\/ibericametropole.com\/en\/2023\/06\/22\/magazine-cover-alcaldes-de-mexico\/#articleImage","width":1223,"height":1635},"datePublished":"2023-06-22T21:21:06-06:00","dateModified":"2024-08-20T16:11:08-06:00","inLanguage":"en-US","mainEntityOfPage":{"@id":"https:\/\/ibericametropole.com\/en\/2023\/06\/22\/magazine-cover-alcaldes-de-mexico\/#webpage"},"isPartOf":{"@id":"https:\/\/ibericametropole.com\/en\/2023\/06\/22\/magazine-cover-alcaldes-de-mexico\/#webpage"},"articleSection":"Influencer, Alcaldes, Ibericametropole, Mexico, Paul Vigario, Revista"},{"@type":"BreadcrumbList","@id":"https:\/\/ibericametropole.com\/en\/2023\/06\/22\/magazine-cover-alcaldes-de-mexico\/#breadcrumblist","itemListElement":[{"@type":"ListItem","@id":"https:\/\/ibericametropole.com\/en#listItem","position":1,"name":"Home","item":"https:\/\/ibericametropole.com\/en","nextItem":{"@type":"ListItem","@id":"https:\/\/ibericametropole.com\/en\/category\/influencer\/#listItem","name":"Influencer"}},{"@type":"ListItem","@id":"https:\/\/ibericametropole.com\/en\/category\/influencer\/#listItem","position":2,"name":"Influencer","item":"https:\/\/ibericametropole.com\/en\/category\/influencer\/","nextItem":{"@type":"ListItem","@id":"https:\/\/ibericametropole.com\/en\/2023\/06\/22\/magazine-cover-alcaldes-de-mexico\/#listItem","name":"Magazine cover: Alcaldes de M\u00e9xico"},"previousItem":{"@type":"ListItem","@id":"https:\/\/ibericametropole.com\/en#listItem","name":"Home"}},{"@type":"ListItem","@id":"https:\/\/ibericametropole.com\/en\/2023\/06\/22\/magazine-cover-alcaldes-de-mexico\/#listItem","position":3,"name":"Magazine cover: Alcaldes de M\u00e9xico","previousItem":{"@type":"ListItem","@id":"https:\/\/ibericametropole.com\/en\/category\/influencer\/#listItem","name":"Influencer"}}]},{"@type":"Organization","@id":"https:\/\/ibericametropole.com\/en\/#organization","name":"Ibericametropole","description":"Your partner for a changing world.","url":"https:\/\/ibericametropole.com\/en\/"},{"@type":"Person","@id":"https:\/\/ibericametropole.com\/en\/author\/pvigario\/#author","url":"https:\/\/ibericametropole.com\/en\/author\/pvigario\/","name":"pvigario","image":{"@type":"ImageObject","@id":"https:\/\/ibericametropole.com\/en\/2023\/06\/22\/magazine-cover-alcaldes-de-mexico\/#authorImage","url":"https:\/\/secure.gravatar.com\/avatar\/004332b3e5f0892d6dfd5a3e6378f992e016f9a1df4c4bde9885b3bd16a53773?s=96&d=identicon&r=g","width":96,"height":96,"caption":"pvigario"}},{"@type":"WebPage","@id":"https:\/\/ibericametropole.com\/en\/2023\/06\/22\/magazine-cover-alcaldes-de-mexico\/#webpage","url":"https:\/\/ibericametropole.com\/en\/2023\/06\/22\/magazine-cover-alcaldes-de-mexico\/","name":"Magazine cover: Alcaldes de M\u00e9xico - | Ibericametropole","description":"El cambio no vendr\u00e1 de la tecnolog\u00eda;primero hay que impactar en lohumano y en la educaci\u00f3n\u2026 estar en latriple h\u00e9lice y hacer la transici\u00f3n de larelaci\u00f3n p\u00fablico privada a gobiernoempresa ciudadan\u00eda. Access the complete article","inLanguage":"en-US","isPartOf":{"@id":"https:\/\/ibericametropole.com\/en\/#website"},"breadcrumb":{"@id":"https:\/\/ibericametropole.com\/en\/2023\/06\/22\/magazine-cover-alcaldes-de-mexico\/#breadcrumblist"},"author":{"@id":"https:\/\/ibericametropole.com\/en\/author\/pvigario\/#author"},"creator":{"@id":"https:\/\/ibericametropole.com\/en\/author\/pvigario\/#author"},"datePublished":"2023-06-22T21:21:06-06:00","dateModified":"2024-08-20T16:11:08-06:00"},{"@type":"WebSite","@id":"https:\/\/ibericametropole.com\/en\/#website","url":"https:\/\/ibericametropole.com\/en\/","name":"Ibericametropole","description":"Your partner for a changing world.","inLanguage":"en-US","publisher":{"@id":"https:\/\/ibericametropole.com\/en\/#organization"}}]},"og:locale":"en_US","og:site_name":"| Ibericametropole - Your partner for a changing world.","og:type":"article","og:title":"Magazine cover: Alcaldes de M\u00e9xico - | Ibericametropole","og:description":"El cambio no vendr\u00e1 de la tecnolog\u00eda;primero hay que impactar en lohumano y en la educaci\u00f3n\u2026 estar en latriple h\u00e9lice y hacer la transici\u00f3n de larelaci\u00f3n p\u00fablico privada a gobiernoempresa ciudadan\u00eda. Access the complete article","og:url":"https:\/\/ibericametropole.com\/en\/2023\/06\/22\/magazine-cover-alcaldes-de-mexico\/","article:published_time":"2023-06-23T03:21:06+00:00","article:modified_time":"2024-08-20T22:11:08+00:00","twitter:card":"summary_large_image","twitter:title":"Magazine cover: Alcaldes de M\u00e9xico - | Ibericametropole","twitter:description":"El cambio no vendr\u00e1 de la tecnolog\u00eda;primero hay que impactar en lohumano y en la educaci\u00f3n\u2026 estar en latriple h\u00e9lice y hacer la transici\u00f3n de larelaci\u00f3n p\u00fablico privada a gobiernoempresa ciudadan\u00eda. Access the complete article"},"aioseo_meta_data":{"post_id":"9800","title":null,"description":null,"keywords":[],"keyphrases":{"focus":{"keyphrase":"","score":0,"analysis":{"keyphraseInTitle":{"score":0,"maxScore":9,"error":1}}},"additional":[]},"primary_term":null,"canonical_url":null,"og_title":null,"og_description":null,"og_object_type":"default","og_image_type":"default","og_image_url":null,"og_image_width":null,"og_image_height":null,"og_image_custom_url":null,"og_image_custom_fields":null,"og_video":"","og_custom_url":null,"og_article_section":null,"og_article_tags":[],"twitter_use_og":false,"twitter_card":"default","twitter_image_type":"default","twitter_image_url":null,"twitter_image_custom_url":null,"twitter_image_custom_fields":null,"twitter_title":null,"twitter_description":null,"schema":{"blockGraphs":[],"customGraphs":[],"default":{"data":{"Article":[],"Course":[],"Dataset":[],"FAQPage":[],"Movie":[],"Person":[],"Product":[],"ProductReview":[],"Car":[],"Recipe":[],"Service":[],"SoftwareApplication":[],"WebPage":[]},"graphName":"BlogPosting","isEnabled":true},"graphs":[]},"schema_type":"default","schema_type_options":null,"pillar_content":false,"robots_default":true,"robots_noindex":false,"robots_noarchive":false,"robots_nosnippet":false,"robots_nofollow":false,"robots_noimageindex":false,"robots_noodp":false,"robots_notranslate":false,"robots_max_snippet":"-1","robots_max_videopreview":"-1","robots_max_imagepreview":"large","priority":null,"frequency":"default","local_seo":null,"breadcrumb_settings":null,"limit_modified_date":false,"ai":null,"created":"2023-06-23 03:17:54","updated":"2025-06-04 08:02:50","seo_analyzer_scan_date":null,"focus_keyword":null,"additional_keywords":null,"truseo_locale":null},"aioseo_breadcrumb":"<div class=\"aioseo-breadcrumbs\"><span class=\"aioseo-breadcrumb\">\n\t\t\t<a href=\"https:\/\/ibericametropole.com\/en\" title=\"Home\">Home<\/a>\n\t\t<\/span><span class=\"aioseo-breadcrumb-separator\">&raquo;<\/span><span class=\"aioseo-breadcrumb\">\n\t\t\t<a href=\"https:\/\/ibericametropole.com\/en\/category\/influencer\/\" title=\"Influencer\">Influencer<\/a>\n\t\t<\/span><span class=\"aioseo-breadcrumb-separator\">&raquo;<\/span><span class=\"aioseo-breadcrumb\">\n\t\t\tMagazine cover: Alcaldes de M\u00e9xico\n\t\t<\/span><\/div>","aioseo_breadcrumb_json":[{"label":"Home","link":"https:\/\/ibericametropole.com\/en"},{"label":"Influencer","link":"https:\/\/ibericametropole.com\/en\/category\/influencer\/"},{"label":"Magazine cover: Alcaldes de M\u00e9xico","link":"https:\/\/ibericametropole.com\/en\/2023\/06\/22\/magazine-cover-alcaldes-de-mexico\/"}],"jetpack_shortlink":"https:\/\/wp.me\/pd3e6z-2y4","jetpack_sharing_enabled":true,"jetpack_featured_media_url":"","_links":{"self":[{"href":"https:\/\/ibericametropole.com\/en\/wp-json\/wp\/v2\/posts\/9800","targetHints":{"allow":["GET"]}}],"collection":[{"href":"https:\/\/ibericametropole.com\/en\/wp-json\/wp\/v2\/posts"}],"about":[{"href":"https:\/\/ibericametropole.com\/en\/wp-json\/wp\/v2\/types\/post"}],"author":[{"embeddable":true,"href":"https:\/\/ibericametropole.com\/en\/wp-json\/wp\/v2\/users\/206063868"}],"replies":[{"embeddable":true,"href":"https:\/\/ibericametropole.com\/en\/wp-json\/wp\/v2\/comments?post=9800"}],"version-history":[{"count":9,"href":"https:\/\/ibericametropole.com\/en\/wp-json\/wp\/v2\/posts\/9800\/revisions"}],"predecessor-version":[{"id":9812,"href":"https:\/\/ibericametropole.com\/en\/wp-json\/wp\/v2\/posts\/9800\/revisions\/9812"}],"wp:attachment":[{"href":"https:\/\/ibericametropole.com\/en\/wp-json\/wp\/v2\/media?parent=9800"}],"wp:term":[{"taxonomy":"category","embeddable":true,"href":"https:\/\/ibericametropole.com\/en\/wp-json\/wp\/v2\/categories?post=9800"},{"taxonomy":"post_tag","embeddable":true,"href":"https:\/\/ibericametropole.com\/en\/wp-json\/wp\/v2\/tags?post=9800"}],"curies":[{"name":"wp","href":"https:\/\/api.w.org\/{rel}","templated":true}]}}